{"id":783,"date":"2025-07-14T10:15:15","date_gmt":"2025-07-14T10:15:15","guid":{"rendered":"https:\/\/www.theatredesartsvivants.com\/construction-dun-media-litteraire-ouest-africain\/"},"modified":"2025-07-14T19:03:41","modified_gmt":"2025-07-14T19:03:41","slug":"construction-dun-media-litteraire-ouest-africain","status":"publish","type":"post","link":"https:\/\/www.theatredesartsvivants.com\/en\/construction-dun-media-litteraire-ouest-africain\/","title":{"rendered":"Development of a West African Digital Literary Media"},"content":{"rendered":"<p data-start=\"54\" data-end=\"430\">According to the Observatory of the Francophone World, 85% of French speakers will reside in Africa by 2060. West Africa, where literary creation is thriving, represents a major future for Francophone literature. Yet, no local media currently covers the literary news of this region with a focus on developing a regional readership and fostering international dissemination.<\/p>\n<p data-start=\"432\" data-end=\"755\">In partnership with the association <strong data-start=\"468\" data-end=\"488\">Point de Lecture<\/strong> (C\u00f4te d\u2019Ivoire), and with the support of the <strong data-start=\"534\" data-end=\"562\">Centre National du Livre<\/strong>, the <strong data-start=\"568\" data-end=\"603\">French Embassy in C\u00f4te d\u2019Ivoire<\/strong>, and the <strong data-start=\"613\" data-end=\"634\">Institut Fran\u00e7ais<\/strong>, the Th\u00e9\u00e2tre des Arts Vivants is supporting the co-creation of a digital literary media outlet based in C\u00f4te d\u2019Ivoire.<\/p>\n<p data-start=\"757\" data-end=\"1059\">Designed for young people (with 75% of the population under the age of 35), this media platform will offer an innovative transmedia experience \u2014 video capsules, mini-documentaries, reviews, short formats \u2014 and will be fully deployed on social networks, to help build today the readership of tomorrow.<\/p>\n<p data-start=\"1061\" data-end=\"1315\">The initial phase includes designing the website and its mobile version, training future contributors, engaging local book industry stakeholders, as well as communication and promotional actions. The official launch of the platform is planned for 2026.<\/p>\n<p data-start=\"1317\" data-end=\"1538\">More than just a media outlet, this project aspires to contribute to a global literary space enriched by the wealth of African imagination, fostering intercultural dialogue and the creation of renewed shared narratives.<\/p>\n","protected":false},"excerpt":{"rendered":"<p>According to the Observatory of the Francophone World, 85% of French speakers will reside in Africa by 2060. West Africa, where literary creation is thriving, represents a major future for Francophone literature. Yet, no local media currently covers the literary news of this region with a focus on developing a regional readership and fostering international [&hellip;]<\/p>\n","protected":false},"author":2,"featured_media":698,"comment_status":"closed","ping_status":"closed","sticky":false,"template":"","format":"standard","meta":{"_acf_changed":false,"inline_featured_image":false,"footnotes":""},"categories":[46],"tags":[],"class_list":["post-783","post","type-post","status-publish","format-standard","has-post-thumbnail","hentry","category-projets-en"],"acf":[],"_links":{"self":[{"href":"https:\/\/www.theatredesartsvivants.com\/en\/wp-json\/wp\/v2\/posts\/783","targetHints":{"allow":["GET"]}}],"collection":[{"href":"https:\/\/www.theatredesartsvivants.com\/en\/wp-json\/wp\/v2\/posts"}],"about":[{"href":"https:\/\/www.theatredesartsvivants.com\/en\/wp-json\/wp\/v2\/types\/post"}],"author":[{"embeddable":true,"href":"https:\/\/www.theatredesartsvivants.com\/en\/wp-json\/wp\/v2\/users\/2"}],"replies":[{"embeddable":true,"href":"https:\/\/www.theatredesartsvivants.com\/en\/wp-json\/wp\/v2\/comments?post=783"}],"version-history":[{"count":2,"href":"https:\/\/www.theatredesartsvivants.com\/en\/wp-json\/wp\/v2\/posts\/783\/revisions"}],"predecessor-version":[{"id":790,"href":"https:\/\/www.theatredesartsvivants.com\/en\/wp-json\/wp\/v2\/posts\/783\/revisions\/790"}],"wp:featuredmedia":[{"embeddable":true,"href":"https:\/\/www.theatredesartsvivants.com\/en\/wp-json\/wp\/v2\/media\/698"}],"wp:attachment":[{"href":"https:\/\/www.theatredesartsvivants.com\/en\/wp-json\/wp\/v2\/media?parent=783"}],"wp:term":[{"taxonomy":"category","embeddable":true,"href":"https:\/\/www.theatredesartsvivants.com\/en\/wp-json\/wp\/v2\/categories?post=783"},{"taxonomy":"post_tag","embeddable":true,"href":"https:\/\/www.theatredesartsvivants.com\/en\/wp-json\/wp\/v2\/tags?post=783"}],"curies":[{"name":"wp","href":"https:\/\/api.w.org\/{rel}","templated":true}]}}